{"id":7965,"date":"2025-11-26T10:17:53","date_gmt":"2025-11-26T07:17:53","guid":{"rendered":"https:\/\/katalog.web.tr\/antex-viscom-2025-italya-fuarinda\/"},"modified":"2025-12-21T13:37:37","modified_gmt":"2025-12-21T10:37:37","slug":"antex-viscom-2025-italy-fair","status":"publish","type":"post","link":"https:\/\/katalog.web.tr\/en\/antex-viscom-2025-italy-fair\/","title":{"rendered":"Antex \u2013 Viscom 2025 Italy Fair"},"content":{"rendered":"\t\t<div data-elementor-type=\"wp-post\" data-elementor-id=\"7965\" class=\"elementor elementor-7965 elementor-7086\" data-elementor-post-type=\"post\">\n\t\t\t\t<div class=\"elementor-element elementor-element-7e1d2f2 e-flex e-con-boxed e-con e-parent\" data-id=\"7e1d2f2\" data-element_type=\"container\" data-e-type=\"container\">\n\t\t\t\t\t<div class=\"e-con-inner\">\n\t\t\t\t<div class=\"elementor-element elementor-element-a0a50ee elementor-widget elementor-widget-text-editor\" data-id=\"a0a50ee\" data-element_type=\"widget\" data-e-type=\"widget\" data-widget_type=\"text-editor.default\">\n\t\t\t\t\t\t\t\t\t<p data-start=\"245\" data-end=\"764\">Anadolu Kimya\u2019n\u0131n global markas\u0131 Antex, dijital bask\u0131 teknolojileri, reklam \u00fcretim \u00e7\u00f6z\u00fcmleri ve yarat\u0131c\u0131 g\u00f6rsel ileti\u015fim sekt\u00f6r\u00fcn\u00fcn Avrupa\u2019daki en \u00f6nemli bulu\u015fmalar\u0131ndan biri olan <strong data-start=\"444\" data-end=\"472\">Viscom 2025 \u0130talya Fuar\u0131<\/strong>na kat\u0131l\u0131m sa\u011flayarak uluslararas\u0131 ziyaret\u00e7ilerin yo\u011fun ilgisini \u00e7ekti. Milano\u2019da d\u00fczenlenen fuar, tekstil bask\u0131, dijital bask\u0131, reklam teknolojileri ve end\u00fcstriyel tasar\u0131m alanlar\u0131nda y\u00fczlerce markay\u0131 a\u011f\u0131rlarken, Antex stand\u0131 \u00f6zellikle yeni nesil \u00e7evre dostu form\u00fclasyonlar\u0131yla dikkat \u00e7ekti.<\/p>\n<p data-start=\"766\" data-end=\"1323\">Fuar boyunca Antex ekibi, <strong data-start=\"792\" data-end=\"823\">su bazl\u0131 bask\u0131 kimyasallar\u0131<\/strong>, <strong data-start=\"825\" data-end=\"886\">d\u00fc\u015f\u00fck s\u0131cakl\u0131kta y\u00fcksek performans veren proses \u00e7\u00f6z\u00fcmleri<\/strong>, <strong data-start=\"888\" data-end=\"953\">enerji ve su tasarrufu sa\u011flayan s\u00fcrd\u00fcr\u00fclebilir form\u00fclasyonlar<\/strong> hakk\u0131nda detayl\u0131 teknik sunumlar ger\u00e7ekle\u015ftirdi. Stand\u0131 ziyaret eden \u00fcreticiler, demo bask\u0131 uygulamalar\u0131 sayesinde \u00fcr\u00fcnlerin ger\u00e7ek kullan\u0131m senaryolar\u0131ndaki verimlili\u011fini ve renk dayan\u0131m\u0131n\u0131 yak\u0131ndan inceleme f\u0131rsat\u0131 buldu. \u00d6zellikle spor giyim, dijital tekstil bask\u0131, ev tekstili ve grafik bask\u0131 alanlar\u0131na y\u00f6nelik geli\u015ftirilen yenilik\u00e7i \u00e7\u00f6z\u00fcmler b\u00fcy\u00fck be\u011feni toplad\u0131.<\/p>\n<p data-start=\"1325\" data-end=\"1807\">Anadolu Kimya temsilcileri, \u0130talya\u2019n\u0131n Avrupa\u2019daki tekstil ve bask\u0131 teknolojileri a\u00e7\u0131s\u0131ndan stratejik bir merkez oldu\u011funu vurgulayarak, bu fuar\u0131n yeni i\u015f birlikleri geli\u015ftirmek ve b\u00f6lge pazar\u0131n\u0131n ihtiya\u00e7lar\u0131n\u0131 analiz etmek i\u00e7in \u00f6nemli bir platform sundu\u011funu belirtti. Fuar s\u00fcresince hem Avrupa hem de Orta Do\u011fu pazarlar\u0131ndan gelen ziyaret\u00e7ilerle g\u00f6r\u00fc\u015fmeler yap\u0131ld\u0131; teknik e\u011fitim programlar\u0131, demo merkezleri ve b\u00f6lgeye \u00f6zel \u00fcr\u00fcn adaptasyonlar\u0131 \u00fczerine i\u015f birlikleri g\u00fcndeme al\u0131nd\u0131.<\/p>\n<p data-start=\"1809\" data-end=\"2179\">Fuar sonras\u0131 yap\u0131lan de\u011ferlendirmelerde, Antex\u2019in Avrupa teknik servis yap\u0131s\u0131n\u0131 g\u00fc\u00e7lendirme, \u0130talya\u2019da yerinde demo ve uygulama deste\u011fini art\u0131rma ve Viscom sonras\u0131 yeni \u00fcr\u00fcn lansmanlar\u0131n\u0131 h\u0131zland\u0131rma hedefleri \u00f6n plana \u00e7\u0131kt\u0131. <strong data-start=\"2035\" data-end=\"2059\">Viscom 2025 kat\u0131l\u0131m\u0131<\/strong>, markan\u0131n hem Avrupa hem de global \u00f6l\u00e7ekte s\u00fcrd\u00fcr\u00fclebilir bask\u0131 teknolojilerindeki liderli\u011fini bir kez daha peki\u015ftirdi.<\/p>\t\t\t\t\t\t\t\t<\/div>\n\t\t\t\t\t<\/div>\n\t\t\t\t<\/div>\n\t\t\t\t<\/div>\n\t\t","protected":false},"excerpt":{"rendered":"<p>The Anadolu Kimya Antex team stood out at the Viscom Italia 2025 Fair with its environmentally friendly printing chemicals and new \u201cEco Print Series\u201d formulations. <\/p>\n","protected":false},"author":1,"featured_media":7966,"comment_status":"open","ping_status":"open","sticky":false,"template":"","format":"standard","meta":{"_acf_changed":false,"footnotes":""},"categories":[89,90],"tags":[],"class_list":["post-7965","post","type-post","status-publish","format-standard","has-post-thumbnail","hentry","category-news","category-news-homepage"],"acf":[],"_links":{"self":[{"href":"https:\/\/katalog.web.tr\/en\/wp-json\/wp\/v2\/posts\/7965","targetHints":{"allow":["GET"]}}],"collection":[{"href":"https:\/\/katalog.web.tr\/en\/wp-json\/wp\/v2\/posts"}],"about":[{"href":"https:\/\/katalog.web.tr\/en\/wp-json\/wp\/v2\/types\/post"}],"author":[{"embeddable":true,"href":"https:\/\/katalog.web.tr\/en\/wp-json\/wp\/v2\/users\/1"}],"replies":[{"embeddable":true,"href":"https:\/\/katalog.web.tr\/en\/wp-json\/wp\/v2\/comments?post=7965"}],"version-history":[{"count":1,"href":"https:\/\/katalog.web.tr\/en\/wp-json\/wp\/v2\/posts\/7965\/revisions"}],"predecessor-version":[{"id":8000,"href":"https:\/\/katalog.web.tr\/en\/wp-json\/wp\/v2\/posts\/7965\/revisions\/8000"}],"wp:featuredmedia":[{"embeddable":true,"href":"https:\/\/katalog.web.tr\/en\/wp-json\/wp\/v2\/media\/7966"}],"wp:attachment":[{"href":"https:\/\/katalog.web.tr\/en\/wp-json\/wp\/v2\/media?parent=7965"}],"wp:term":[{"taxonomy":"category","embeddable":true,"href":"https:\/\/katalog.web.tr\/en\/wp-json\/wp\/v2\/categories?post=7965"},{"taxonomy":"post_tag","embeddable":true,"href":"https:\/\/katalog.web.tr\/en\/wp-json\/wp\/v2\/tags?post=7965"}],"curies":[{"name":"wp","href":"https:\/\/api.w.org\/{rel}","templated":true}]}}