{"id":7967,"date":"2025-11-26T10:17:23","date_gmt":"2025-11-26T07:17:23","guid":{"rendered":"https:\/\/katalog.web.tr\/avrupa-2025-antex-ekibi-teknik-ziyarette\/"},"modified":"2025-12-21T13:37:54","modified_gmt":"2025-12-21T10:37:54","slug":"europe-2025-antex-team-on-technical-visit","status":"publish","type":"post","link":"https:\/\/katalog.web.tr\/en\/europe-2025-antex-team-on-technical-visit\/","title":{"rendered":"Europe 2025 \u2013 Antex Team on Technical Visit"},"content":{"rendered":"\t\t<div data-elementor-type=\"wp-post\" data-elementor-id=\"7967\" class=\"elementor elementor-7967 elementor-7084\" data-elementor-post-type=\"post\">\n\t\t\t\t<div class=\"elementor-element elementor-element-7e1d2f2 e-flex e-con-boxed e-con e-parent\" data-id=\"7e1d2f2\" data-element_type=\"container\" data-e-type=\"container\">\n\t\t\t\t\t<div class=\"e-con-inner\">\n\t\t\t\t<div class=\"elementor-element elementor-element-a0a50ee elementor-widget elementor-widget-text-editor\" data-id=\"a0a50ee\" data-element_type=\"widget\" data-e-type=\"widget\" data-widget_type=\"text-editor.default\">\n\t\t\t\t\t\t\t\t\t<p data-start=\"263\" data-end=\"853\">Anadolu Kimya\u2019n\u0131n global markas\u0131 Antex, 2025 y\u0131l\u0131 Avrupa teknik ziyaret program\u0131 kapsam\u0131nda bir dizi \u00f6nemli \u00fcretim tesisini ziyaret ederek b\u00f6lgedeki i\u015f ortaklar\u0131yla kapsaml\u0131 saha \u00e7al\u0131\u015fmalar\u0131 ger\u00e7ekle\u015ftirdi. Antex teknik ekibi, Avrupa\u2019n\u0131n farkl\u0131 \u00fclkelerinde yer alan tekstil bask\u0131, dijital bask\u0131 ve y\u0131kama proseslerine odaklanan tesislerde \u00fcretim hatlar\u0131n\u0131 yerinde inceledi. Bu ziyaretler, hem mevcut m\u00fc\u015fterilerle teknik ili\u015fkileri g\u00fc\u00e7lendirmeyi hem de b\u00f6lgedeki \u00fcretim ihtiya\u00e7lar\u0131na y\u00f6nelik yeni \u00e7\u00f6z\u00fcmler geli\u015ftirmeyi hedefleyen stratejik bir ad\u0131m olarak de\u011ferlendirildi.<\/p><p data-start=\"855\" data-end=\"1392\">Ekip, ziyaret edilen tesislerde <strong data-start=\"887\" data-end=\"918\">su bazl\u0131 bask\u0131 kimyasallar\u0131<\/strong>, <strong data-start=\"920\" data-end=\"982\">d\u00fc\u015f\u00fck s\u0131cakl\u0131kta y\u00fcksek performans sa\u011flayan form\u00fclasyonlar<\/strong>, <strong data-start=\"984\" data-end=\"1034\">enerji ve su tasarrufu odakl\u0131 proses \u00e7\u00f6z\u00fcmleri<\/strong> hakk\u0131nda detayl\u0131 teknik analizler yapt\u0131. Avrupa\u2019daki s\u0131k\u0131 \u00e7evre mevzuatlar\u0131 ve s\u00fcrd\u00fcr\u00fclebilirlik beklentileri g\u00f6z \u00f6n\u00fcnde bulundurularak, Antex\u2019in \u00e7evre dostu \u00fcr\u00fcn portf\u00f6y\u00fc \u00fcreticiler taraf\u0131ndan ilgiyle kar\u015f\u0131land\u0131. Ziyaret s\u0131ras\u0131nda ger\u00e7ekle\u015ftirilen demo uygulamalar sayesinde, \u00fcreticiler \u00fcr\u00fcn performans\u0131n\u0131 do\u011frudan kendi hatlar\u0131nda test etme f\u0131rsat\u0131 buldu.<\/p><p data-start=\"1394\" data-end=\"1752\">Anadolu Kimya temsilcileri, Avrupa pazar\u0131n\u0131n \u00f6zellikle y\u00fcksek kalite standard\u0131, d\u00fc\u015f\u00fck hata tolerans\u0131 ve \u00e7evreye duyarl\u0131 \u00fcretim s\u00fcre\u00e7leri a\u00e7\u0131s\u0131ndan d\u00fcnya \u00e7ap\u0131nda belirleyici oldu\u011funu vurgulad\u0131. Bu nedenle Antex ekibi; proses optimizasyonu, kimyasal sarfiyat\u0131n\u0131n azalt\u0131lmas\u0131, kalite stabilizasyonu ve \u00e7evre dostu form\u00fclasyonlar i\u00e7in \u00f6zel teknik \u00f6neriler sundu.<\/p><p data-start=\"1754\" data-end=\"2139\">Ziyaretlerin sonunda Antex, Avrupa\u2019da <strong data-start=\"1792\" data-end=\"1817\">yerinde teknik destek<\/strong>, <strong data-start=\"1819\" data-end=\"1835\">saha e\u011fitimi<\/strong>, <strong data-start=\"1837\" data-end=\"1866\">demo uygulama programlar\u0131<\/strong> ve <strong data-start=\"1870\" data-end=\"1906\">b\u00f6lgeye \u00f6zel \u00fcr\u00fcn adaptasyonlar\u0131<\/strong> konusunda \u00e7al\u0131\u015fmalar\u0131n\u0131 geni\u015fletme kararl\u0131l\u0131\u011f\u0131n\u0131 a\u00e7\u0131klad\u0131. 2025 Avrupa teknik ziyaret turu, markan\u0131n k\u0131tadaki teknik g\u00fcc\u00fcn\u00fc art\u0131rmas\u0131n\u0131n yan\u0131 s\u0131ra s\u00fcrd\u00fcr\u00fclebilir \u00fcretim vizyonunu ileri ta\u015f\u0131yan \u00f6nemli bir ad\u0131m olarak de\u011ferlendirildi.<\/p>\t\t\t\t\t\t\t\t<\/div>\n\t\t\t\t\t<\/div>\n\t\t\t\t<\/div>\n\t\t\t\t<\/div>\n\t\t","protected":false},"excerpt":{"rendered":"<p>The Antex team carried out technical inspections and business process visits in Europe in 2025. <\/p>\n","protected":false},"author":1,"featured_media":7968,"comment_status":"open","ping_status":"open","sticky":false,"template":"","format":"standard","meta":{"_acf_changed":false,"footnotes":""},"categories":[89,90],"tags":[],"class_list":["post-7967","post","type-post","status-publish","format-standard","has-post-thumbnail","hentry","category-news","category-news-homepage"],"acf":[],"_links":{"self":[{"href":"https:\/\/katalog.web.tr\/en\/wp-json\/wp\/v2\/posts\/7967","targetHints":{"allow":["GET"]}}],"collection":[{"href":"https:\/\/katalog.web.tr\/en\/wp-json\/wp\/v2\/posts"}],"about":[{"href":"https:\/\/katalog.web.tr\/en\/wp-json\/wp\/v2\/types\/post"}],"author":[{"embeddable":true,"href":"https:\/\/katalog.web.tr\/en\/wp-json\/wp\/v2\/users\/1"}],"replies":[{"embeddable":true,"href":"https:\/\/katalog.web.tr\/en\/wp-json\/wp\/v2\/comments?post=7967"}],"version-history":[{"count":1,"href":"https:\/\/katalog.web.tr\/en\/wp-json\/wp\/v2\/posts\/7967\/revisions"}],"predecessor-version":[{"id":8001,"href":"https:\/\/katalog.web.tr\/en\/wp-json\/wp\/v2\/posts\/7967\/revisions\/8001"}],"wp:featuredmedia":[{"embeddable":true,"href":"https:\/\/katalog.web.tr\/en\/wp-json\/wp\/v2\/media\/7968"}],"wp:attachment":[{"href":"https:\/\/katalog.web.tr\/en\/wp-json\/wp\/v2\/media?parent=7967"}],"wp:term":[{"taxonomy":"category","embeddable":true,"href":"https:\/\/katalog.web.tr\/en\/wp-json\/wp\/v2\/categories?post=7967"},{"taxonomy":"post_tag","embeddable":true,"href":"https:\/\/katalog.web.tr\/en\/wp-json\/wp\/v2\/tags?post=7967"}],"curies":[{"name":"wp","href":"https:\/\/api.w.org\/{rel}","templated":true}]}}