{"id":7971,"date":"2025-11-26T10:16:09","date_gmt":"2025-11-26T07:16:09","guid":{"rendered":"https:\/\/katalog.web.tr\/balkanlar-2025-antex-ekibi-teknik-ziyarette\/"},"modified":"2025-12-21T13:38:23","modified_gmt":"2025-12-21T10:38:23","slug":"balkanlar-2025-antex-ekibi-teknik-ziyarette","status":"publish","type":"post","link":"https:\/\/katalog.web.tr\/en\/balkanlar-2025-antex-ekibi-teknik-ziyarette\/","title":{"rendered":"Balkans 2025 \u2013 Antex Team on Technical Visit"},"content":{"rendered":"\t\t<div data-elementor-type=\"wp-post\" data-elementor-id=\"7971\" class=\"elementor elementor-7971 elementor-7078\" data-elementor-post-type=\"post\">\n\t\t\t\t<div class=\"elementor-element elementor-element-7e1d2f2 e-flex e-con-boxed e-con e-parent\" data-id=\"7e1d2f2\" data-element_type=\"container\" data-e-type=\"container\">\n\t\t\t\t\t<div class=\"e-con-inner\">\n\t\t\t\t<div class=\"elementor-element elementor-element-a0a50ee elementor-widget elementor-widget-text-editor\" data-id=\"a0a50ee\" data-element_type=\"widget\" data-e-type=\"widget\" data-widget_type=\"text-editor.default\">\n\t\t\t\t\t\t\t\t\t<p data-start=\"250\" data-end=\"801\">Anadolu Kimya\u2019n\u0131n global markas\u0131 Antex, 2025 y\u0131l\u0131 teknik ziyaret program\u0131 kapsam\u0131nda bu kez <strong data-start=\"361\" data-end=\"374\">Balkanlar<\/strong> b\u00f6lgesinde kapsaml\u0131 saha \u00e7al\u0131\u015fmalar\u0131 ger\u00e7ekle\u015ftirdi. B\u00f6lgedeki tekstil ve bask\u0131 \u00fcretim kapasitesinin son y\u0131llarda belirgin \u015fekilde artmas\u0131, Antex ekibinin Balkan \u00fclkelerine y\u00f6nelik \u00e7\u00f6z\u00fcmlerini yerinde tan\u0131tma ve \u00fcretim s\u00fcre\u00e7lerini do\u011frudan inceleme f\u0131rsat\u0131 sundu. Ekibin ziyaret etti\u011fi tesislerde bask\u0131 hatlar\u0131, y\u0131kama prosesleri, \u00e7evresel uyumluluk kriterleri ve \u00fcretim verimlili\u011fine y\u00f6nelik detayl\u0131 teknik analizler yap\u0131ld\u0131.<\/p><p data-start=\"803\" data-end=\"1358\">Ziyaret boyunca Antex uzmanlar\u0131, <strong data-start=\"836\" data-end=\"867\">su bazl\u0131 bask\u0131 kimyasallar\u0131<\/strong>, <strong data-start=\"869\" data-end=\"931\">d\u00fc\u015f\u00fck s\u0131cakl\u0131kta y\u00fcksek performans sa\u011flayan form\u00fclasyonlar<\/strong>, <strong data-start=\"933\" data-end=\"983\">enerji ve su tasarrufu odakl\u0131 proses \u00e7\u00f6z\u00fcmleri<\/strong>, <strong data-start=\"985\" data-end=\"1005\">at\u0131k su y\u00f6netimi<\/strong> ve <strong data-start=\"1009\" data-end=\"1034\">kalite stabilizasyonu<\/strong> \u00fczerine \u00fcreticilere kapsaml\u0131 bilgi aktard\u0131. Balkan b\u00f6lgesindeki tesisler, \u00f6zellikle s\u00fcrd\u00fcr\u00fclebilir \u00fcretime y\u00f6nelik global d\u00f6n\u00fc\u015f\u00fcm kapsam\u0131nda \u00e7evre dostu \u00e7\u00f6z\u00fcmlere artan bir ilgi g\u00f6sterdi. Antex ekibinin ger\u00e7ekle\u015ftirdi\u011fi demo uygulamalar sayesinde \u00fcreticiler, \u00fcr\u00fcnlerin performans\u0131n\u0131 kendi hatlar\u0131nda test etme imk\u00e2n\u0131 buldu.<\/p><p data-start=\"1360\" data-end=\"1878\">Anadolu Kimya temsilcileri, Balkanlar\u0131n jeopolitik konumu, geli\u015fen \u00fcretim altyap\u0131s\u0131 ve Avrupa pazar\u0131na yak\u0131nl\u0131\u011f\u0131 sayesinde stratejik bir \u00f6nem ta\u015f\u0131d\u0131\u011f\u0131na dikkat \u00e7ekti. Bu nedenle ziyaret boyunca proses optimizasyonu, kimyasal sarfiyat\u0131n\u0131n azalt\u0131lmas\u0131, \u00fcretim kalitesinin art\u0131r\u0131lmas\u0131 ve \u00e7evresel etkilerin minimize edilmesi gibi ba\u015fl\u0131klarda \u00f6nemli teknik \u00f6neriler sunuldu. B\u00f6lgedeki \u00fcreticilerle yap\u0131lan g\u00f6r\u00fc\u015fmelerde uzun vadeli i\u015f birlikleri, teknik e\u011fitim programlar\u0131 ve yerinde servis destek planlar\u0131 de\u011ferlendirildi.<\/p><p data-start=\"1880\" data-end=\"2250\">Ziyaretin sonunda Antex, Balkanlarda <strong data-start=\"1917\" data-end=\"1961\">yerel teknik servis kapasitesini art\u0131rma<\/strong>, <strong data-start=\"1963\" data-end=\"2010\">b\u00f6lgeye \u00f6zg\u00fc \u00fcr\u00fcn adaptasyonlar\u0131 geli\u015ftirme<\/strong>, <strong data-start=\"2012\" data-end=\"2047\">demo ve e\u011fitim merkezleri kurma<\/strong> hedeflerini a\u00e7\u0131klad\u0131. <strong data-start=\"2070\" data-end=\"2112\">Balkanlar 2025 teknik ziyaret program\u0131<\/strong>, Antex\u2019in b\u00f6lgede s\u00fcrd\u00fcr\u00fclebilir \u00fcretim vizyonunu g\u00fc\u00e7lendiren ve teknik uzmanl\u0131\u011f\u0131n\u0131 peki\u015ftiren stratejik bir ad\u0131m olarak de\u011ferlendirildi.<\/p>\t\t\t\t\t\t\t\t<\/div>\n\t\t\t\t\t<\/div>\n\t\t\t\t<\/div>\n\t\t\t\t<\/div>\n\t\t","protected":false},"excerpt":{"rendered":"<p>The Antex team carried out technical inspections and business process visits in the Balkans in 2025. <\/p>\n","protected":false},"author":1,"featured_media":7972,"comment_status":"open","ping_status":"open","sticky":false,"template":"","format":"standard","meta":{"_acf_changed":false,"footnotes":""},"categories":[89,90],"tags":[],"class_list":["post-7971","post","type-post","status-publish","format-standard","has-post-thumbnail","hentry","category-news","category-news-homepage"],"acf":[],"_links":{"self":[{"href":"https:\/\/katalog.web.tr\/en\/wp-json\/wp\/v2\/posts\/7971","targetHints":{"allow":["GET"]}}],"collection":[{"href":"https:\/\/katalog.web.tr\/en\/wp-json\/wp\/v2\/posts"}],"about":[{"href":"https:\/\/katalog.web.tr\/en\/wp-json\/wp\/v2\/types\/post"}],"author":[{"embeddable":true,"href":"https:\/\/katalog.web.tr\/en\/wp-json\/wp\/v2\/users\/1"}],"replies":[{"embeddable":true,"href":"https:\/\/katalog.web.tr\/en\/wp-json\/wp\/v2\/comments?post=7971"}],"version-history":[{"count":1,"href":"https:\/\/katalog.web.tr\/en\/wp-json\/wp\/v2\/posts\/7971\/revisions"}],"predecessor-version":[{"id":8006,"href":"https:\/\/katalog.web.tr\/en\/wp-json\/wp\/v2\/posts\/7971\/revisions\/8006"}],"wp:featuredmedia":[{"embeddable":true,"href":"https:\/\/katalog.web.tr\/en\/wp-json\/wp\/v2\/media\/7972"}],"wp:attachment":[{"href":"https:\/\/katalog.web.tr\/en\/wp-json\/wp\/v2\/media?parent=7971"}],"wp:term":[{"taxonomy":"category","embeddable":true,"href":"https:\/\/katalog.web.tr\/en\/wp-json\/wp\/v2\/categories?post=7971"},{"taxonomy":"post_tag","embeddable":true,"href":"https:\/\/katalog.web.tr\/en\/wp-json\/wp\/v2\/tags?post=7971"}],"curies":[{"name":"wp","href":"https:\/\/api.w.org\/{rel}","templated":true}]}}