{"id":7975,"date":"2025-11-26T10:14:59","date_gmt":"2025-11-26T07:14:59","guid":{"rendered":"https:\/\/katalog.web.tr\/asya-bolgesinde-antex-seminerleri\/"},"modified":"2025-12-21T13:38:53","modified_gmt":"2025-12-21T10:38:53","slug":"antex-seminars-in-the-asia-region","status":"publish","type":"post","link":"https:\/\/katalog.web.tr\/en\/antex-seminars-in-the-asia-region\/","title":{"rendered":"Antex Seminars in the Asia Region"},"content":{"rendered":"\t\t<div data-elementor-type=\"wp-post\" data-elementor-id=\"7975\" class=\"elementor elementor-7975 elementor-7072\" data-elementor-post-type=\"post\">\n\t\t\t\t<div class=\"elementor-element elementor-element-7e1d2f2 e-flex e-con-boxed e-con e-parent\" data-id=\"7e1d2f2\" data-element_type=\"container\" data-e-type=\"container\">\n\t\t\t\t\t<div class=\"e-con-inner\">\n\t\t\t\t<div class=\"elementor-element elementor-element-a0a50ee elementor-widget elementor-widget-text-editor\" data-id=\"a0a50ee\" data-element_type=\"widget\" data-e-type=\"widget\" data-widget_type=\"text-editor.default\">\n\t\t\t\t\t\t\t\t\t<p data-start=\"247\" data-end=\"743\">Anadolu Kimya\u2019n\u0131n global markas\u0131 Antex, 2025 y\u0131l\u0131nda Asya b\u00f6lgesindeki \u00fcreticilere y\u00f6nelik d\u00fczenledi\u011fi kapsaml\u0131 seminer program\u0131yla b\u00fcy\u00fck ilgi toplad\u0131. B\u00f6lgenin tekstil bask\u0131, dijital bask\u0131 ve y\u0131kama proseslerinde d\u00fcnyan\u0131n en y\u00fcksek \u00fcretim hacmine sahip olmas\u0131, Antex ekibinin Asya\u2019ya \u00f6zel teknik e\u011fitim ve bilgilendirme \u00e7al\u0131\u015fmalar\u0131n\u0131 daha stratejik hale getirdi. Seminerler; Hindistan, Banglade\u015f, \u00c7in, Vietnam ve Sri Lanka gibi b\u00f6lgenin \u00f6nemli \u00fcretim merkezlerinde d\u00fczenlendi.<\/p><p data-start=\"745\" data-end=\"1305\">Antex uzmanlar\u0131 seminerlerde, <strong data-start=\"775\" data-end=\"806\">su bazl\u0131 bask\u0131 kimyasallar\u0131<\/strong>, <strong data-start=\"808\" data-end=\"865\">d\u00fc\u015f\u00fck s\u0131cakl\u0131kta y\u00fcksek verim sa\u011flayan form\u00fclasyonlar<\/strong>, <strong data-start=\"867\" data-end=\"917\">enerji ve su tasarrufu odakl\u0131 proses \u00e7\u00f6z\u00fcmleri<\/strong>, <strong data-start=\"919\" data-end=\"939\">at\u0131k su y\u00f6netimi<\/strong>, <strong data-start=\"941\" data-end=\"958\">\u00e7evresel uyum<\/strong> ve <strong data-start=\"962\" data-end=\"1000\">s\u00fcrd\u00fcr\u00fclebilir \u00fcretim standartlar\u0131<\/strong> gibi konularda kapsaml\u0131 sunumlar yapt\u0131. Kat\u0131l\u0131mc\u0131lar, Antex\u2019in yeni nesil \u00fcr\u00fcn portf\u00f6y\u00fcn\u00fc tan\u0131ma f\u0131rsat\u0131n\u0131n yan\u0131 s\u0131ra, demo uygulamalarla \u00fcr\u00fcn performans\u0131n\u0131 anl\u0131k olarak g\u00f6zlemledi. \u00d6zellikle ihracat yapan \u00fcreticilerin, global \u00e7evre mevzuatlar\u0131na uygun bask\u0131 kimyasallar\u0131 konusundaki merak\u0131 dikkat \u00e7ekti.<\/p><p data-start=\"1307\" data-end=\"1728\">Seminerler boyunca \u00fcreticilerle birebir teknik g\u00f6r\u00fc\u015fmeler ger\u00e7ekle\u015ftirildi; proses iyile\u015ftirme \u00f6nerileri, kimyasal sarfiyat\u0131n\u0131n azalt\u0131lmas\u0131, at\u0131k su kalitesinin y\u00fckseltilmesi ve enerji verimlili\u011fi \u00fczerine detayl\u0131 de\u011ferlendirmeler yap\u0131ld\u0131. Antex ekibi, Asya\u2019daki \u00fcreticilerin s\u00fcrd\u00fcr\u00fclebilirlik hedeflerine paralel olarak daha \u00e7evreci, daha g\u00fc\u00e7l\u00fc ve daha ekonomik \u00e7\u00f6z\u00fcmler sunma vizyonunu seminer kat\u0131l\u0131mc\u0131lar\u0131yla payla\u015ft\u0131.<\/p><p data-start=\"1730\" data-end=\"2175\">Program\u0131n sonunda Anadolu Kimya, Asya b\u00f6lgesindeki <strong data-start=\"1781\" data-end=\"1822\">teknik e\u011fitim kapasitesini geni\u015fletme<\/strong>, <strong data-start=\"1824\" data-end=\"1861\">yerinde demo uygulamalar\u0131 art\u0131rma<\/strong>, <strong data-start=\"1863\" data-end=\"1907\">yerel teknik servis yap\u0131s\u0131n\u0131 g\u00fc\u00e7lendirme<\/strong> ve <strong data-start=\"1911\" data-end=\"1967\">b\u00f6lgeye \u00f6zel \u00fcr\u00fcn adaptasyon s\u00fcre\u00e7lerini h\u0131zland\u0131rma<\/strong> hedeflerini a\u00e7\u0131klad\u0131. <strong data-start=\"1990\" data-end=\"2038\">Asya B\u00f6lgesinde d\u00fczenlenen Antex seminerleri<\/strong>, markan\u0131n b\u00f6lgedeki teknik uzmanl\u0131\u011f\u0131n\u0131 peki\u015ftirirken s\u00fcrd\u00fcr\u00fclebilir \u00fcretim vizyonunu g\u00fc\u00e7lendiren \u00f6nemli bir ad\u0131m olarak de\u011ferlendirildi.<\/p>\t\t\t\t\t\t\t\t<\/div>\n\t\t\t\t\t<\/div>\n\t\t\t\t<\/div>\n\t\t\t\t<\/div>\n\t\t","protected":false},"excerpt":{"rendered":"<p>Antex, together with its expert team, shared knowledge on technical applications, printing chemicals, and production solutions, presenting its new developments that guide the industry. <\/p>\n","protected":false},"author":1,"featured_media":7976,"comment_status":"open","ping_status":"open","sticky":false,"template":"","format":"standard","meta":{"_acf_changed":false,"footnotes":""},"categories":[89,90],"tags":[],"class_list":["post-7975","post","type-post","status-publish","format-standard","has-post-thumbnail","hentry","category-news","category-news-homepage"],"acf":[],"_links":{"self":[{"href":"https:\/\/katalog.web.tr\/en\/wp-json\/wp\/v2\/posts\/7975","targetHints":{"allow":["GET"]}}],"collection":[{"href":"https:\/\/katalog.web.tr\/en\/wp-json\/wp\/v2\/posts"}],"about":[{"href":"https:\/\/katalog.web.tr\/en\/wp-json\/wp\/v2\/types\/post"}],"author":[{"embeddable":true,"href":"https:\/\/katalog.web.tr\/en\/wp-json\/wp\/v2\/users\/1"}],"replies":[{"embeddable":true,"href":"https:\/\/katalog.web.tr\/en\/wp-json\/wp\/v2\/comments?post=7975"}],"version-history":[{"count":1,"href":"https:\/\/katalog.web.tr\/en\/wp-json\/wp\/v2\/posts\/7975\/revisions"}],"predecessor-version":[{"id":8010,"href":"https:\/\/katalog.web.tr\/en\/wp-json\/wp\/v2\/posts\/7975\/revisions\/8010"}],"wp:featuredmedia":[{"embeddable":true,"href":"https:\/\/katalog.web.tr\/en\/wp-json\/wp\/v2\/media\/7976"}],"wp:attachment":[{"href":"https:\/\/katalog.web.tr\/en\/wp-json\/wp\/v2\/media?parent=7975"}],"wp:term":[{"taxonomy":"category","embeddable":true,"href":"https:\/\/katalog.web.tr\/en\/wp-json\/wp\/v2\/categories?post=7975"},{"taxonomy":"post_tag","embeddable":true,"href":"https:\/\/katalog.web.tr\/en\/wp-json\/wp\/v2\/tags?post=7975"}],"curies":[{"name":"wp","href":"https:\/\/api.w.org\/{rel}","templated":true}]}}